{"id":5527,"date":"2021-07-27T11:31:12","date_gmt":"2021-07-27T11:31:12","guid":{"rendered":"http:\/\/pasionporelcaballo.es\/?p=5527"},"modified":"2021-07-27T11:32:42","modified_gmt":"2021-07-27T11:32:42","slug":"jose-rodriguez-wins-with-jaleo-andalusian-cup-villa-alhaurin-el-grande","status":"publish","type":"post","link":"https:\/\/pasionporelcaballo.es\/en\/jose-rodriguez-wins-with-jaleo-andalusian-cup-villa-alhaurin-el-grande\/","title":{"rendered":"Jos\u00e9 Rodr\u00edguez wins with Jaleo &#8211; Andalusian Cup \u201cVilla Alhaur\u00edn El Grande\u201d"},"content":{"rendered":"<div class=\"flex_column av_one_full  no_margin flex_column_div av-zero-column-padding first  avia-builder-el-0  el_before_av_one_full  avia-builder-el-first  \" style='margin-top:0px; margin-bottom:15px; border-radius:0px; '><div  style='padding-bottom:10px; ' class='av-special-heading av-special-heading-h1  blockquote modern-quote  avia-builder-el-1  avia-builder-el-no-sibling  '><div class ='av-subheading av-subheading_above  ' style='font-size:15px;'><p><span style=\"color:red;\">Andalusian Cup \u201cVilla Alhaur\u00edn El Grande\u201d<\/span><\/p>\n<\/div><h1 class='av-special-heading-tag '  itemprop=\"headline\"  >Jos\u00e9 Rodr\u00edguez wins with Jaleo<\/h1><div class='special-heading-border'><div class='special-heading-inner-border' ><\/div><\/div><\/div><\/div><div class=\"flex_column av_one_full  flex_column_div av-zero-column-padding first  avia-builder-el-2  el_after_av_one_full  el_before_av_one_full  column-top-margin\" style='margin-top:0px; margin-bottom:0px; border-radius:0px; '><section class=\"av_textblock_section \"  itemscope=\"itemscope\" itemtype=\"https:\/\/schema.org\/BlogPosting\" itemprop=\"blogPost\" ><div class='avia_textblock  '   itemprop=\"text\" ><p><img loading=\"lazy\" decoding=\"async\" class=\" wp-image-5411\" src=\"http:\/\/pasionporelcaballo.es\/wp-content\/uploads\/2021\/07\/Jose-Rodriguez-Civico-con-Jaleo-scaled.jpg\" alt=\"Jos\u00e9 Rodr\u00edguez gana con Jaleo - I Copa de Andaluc\u00eda \u201cVilla de Alhaur\u00edn El Grande\u201d\" width=\"1047\" height=\"804\" \/><\/p>\n<\/div><\/section><\/div><div class=\"flex_column av_one_full  no_margin flex_column_div av-zero-column-padding first  avia-builder-el-4  el_after_av_one_full  el_before_av_one_full  column-top-margin\" style='margin-top:0px; margin-bottom:0px; border-radius:0px; '><section class=\"av_textblock_section \"  itemscope=\"itemscope\" itemtype=\"https:\/\/schema.org\/BlogPosting\" itemprop=\"blogPost\" ><div class='avia_textblock  '   itemprop=\"text\" ><p>July 2021<\/p>\n<p>The eagerness to live with passion the cowboy dressing was finally culminated last Sunday. Good environment and success in the I Andalusian Cowboy Dressing Cup \u201cVilla de Alhaur\u00edn El Grande\u201d with the total participation of 21 couplins, being winner among those the current Spanish horseback riding champion, Jos\u00e9 Rodr\u00edguez C\u00edvico, with Jaleo with which he achieved 254.75 points. We also need to mention the performance of the horsewoman Irene Fern\u00e1ndez who was classified in second place in Domadas with Ruise\u00f1or achieving 243 points. At the medium level we find the young horseman Jos\u00e9 Miguel Barqu\u00edn riding Ural LDA 50% with an average grade of 220.75. In the beginners\u2019 category, Jes\u00fas Altamirano Picazo stood outwith Carh\u00fa with which he obtained 212 points. The young horseman Miguel \u00c1ngel Alconchel Cuevas presented two horses Ubrique\u00f1o, with which he obtained 155.25 points, and Din\u00e1mico III LDR 25% with which he obtained an average of 137.50. His father, Miguel \u00c1ngel Alconchel, presented FP Oreste with which he obtained a punctuation of 147.50 points and his younger son \u00c1lvaro with FB Marat\u00f3n got 125 points. The horseman Santiago Humberto Pichardo obtained with his mare Galana 138.50 points.<\/p>\n<\/div><\/section><\/div><div class=\"flex_column av_one_full  flex_column_div av-zero-column-padding first  avia-builder-el-6  el_after_av_one_full  el_before_av_one_full  column-top-margin\" style='border-radius:0px; '><div  id=\"1\"  class='av-magazine   avia-builder-el-7  avia-builder-el-no-sibling   av-magazine-hero-left av-magazine-top-bar-active av-magazine-tabs-active' ><div class='av-magazine-top-bar ' ><a href='https:\/\/pasionporelcaballo.es\/en\/classical-dressage\/' class='av-magazine-top-heading '>Art\u00edculos Relacionados<\/a><\/div><div class='av-magazine-group sort_all'><div class='av-magazine-hero first flex_column av_one_half '><article class='av-magazine-entry av-magazine-entry-id-5659 av-magazine-format-standard av-magazine-type-post av-magazine-entry-1 av-magazine-entry-big '  itemscope=\"itemscope\" itemtype=\"https:\/\/schema.org\/BlogPosting\" itemprop=\"blogPost\" ><div class='av-magazine-thumbnail'><a href='https:\/\/pasionporelcaballo.es\/en\/asencio-takes-the-grand-prix-special-with-focus-cdn-dos-lunas\/' title='Link to: Asencio takes the Grand Prix Special with Focus &#8211; CDN*** Dos Lunas' class='av-magazine-thumbnail-link '><img loading=\"lazy\" decoding=\"async\" width=\"710\" height=\"375\" src=\"https:\/\/pasionporelcaballo.es\/wp-content\/uploads\/2021\/09\/image00003-710x375.jpeg\" class=\"wp-image-5656 avia-img-lazy-loading-5656 attachment-magazine size-magazine wp-post-image\" alt=\"\" \/><\/a><\/div><div class='av-magazine-content-wrap'><header class='entry-content-header'><time class='av-magazine-time updated'  itemprop=\"datePublished\" datetime=\"2021-09-14T11:23:24+02:00\" >14\/09\/2021<\/time><span class=\"av-magazine-author-wrap\"><span class=\"av-magazine-text-sep text-sep-date\">\/<\/span><span class=\"av-magazine-author minor-meta\">by <span class=\"av-magazine-author-link\"  itemprop=\"author\" ><span class='av-magazine-author meta-color author'><span class='fn'><a href=\"https:\/\/pasionporelcaballo.es\/en\/author\/talos\/\" title=\"by Pasi\u00f3n por el Caballo\" rel=\"author\">Pasi\u00f3n por el Caballo<\/a><\/span><\/span><\/span><\/span><\/span><h3 class='av-magazine-title entry-title '  itemprop=\"headline\" ><a href='https:\/\/pasionporelcaballo.es\/en\/asencio-takes-the-grand-prix-special-with-focus-cdn-dos-lunas\/' title='Link to: Asencio takes the Grand Prix Special with Focus &#8211; CDN*** Dos Lunas'>Asencio takes the Grand Prix Special with Focus &#8211; CDN*** Dos Lunas<\/a><\/h3><\/header><div class='av-magazine-content entry-content'  itemprop=\"text\" >\n\n\n\n<\/div><\/div><footer class='entry-footer'><\/footer><\/article><\/div><div class='av-magazine-sideshow flex_column av_one_half '><article class='av-magazine-entry av-magazine-entry-id-5563 av-magazine-format-standard av-magazine-type-post av-magazine-entry-2 av-magazine-entry-small '  itemscope=\"itemscope\" itemtype=\"https:\/\/schema.org\/BlogPosting\" itemprop=\"blogPost\" ><div class='av-magazine-thumbnail'><a href='https:\/\/pasionporelcaballo.es\/en\/daniel-martin-is-selected-with-malagueno\/' title='Link to: Daniel Mart\u00edn is selected with Malague\u00f1o' class='av-magazine-thumbnail-link '><img loading=\"lazy\" decoding=\"async\" width=\"80\" height=\"80\" src=\"https:\/\/pasionporelcaballo.es\/wp-content\/uploads\/2021\/08\/Jose-Daniel-Martin-DockxMalagueno-LXXXIII-de-Francisco-Santiago-Ruiz-80x80.jpg\" class=\"wp-image-5561 avia-img-lazy-loading-5561 attachment-thumbnail size-thumbnail wp-post-image\" alt=\"Daniel Mart\u00edn es seleccionado con Malague\u00f1o\" srcset=\"https:\/\/pasionporelcaballo.es\/wp-content\/uploads\/2021\/08\/Jose-Daniel-Martin-DockxMalagueno-LXXXIII-de-Francisco-Santiago-Ruiz-80x80.jpg 80w, https:\/\/pasionporelcaballo.es\/wp-content\/uploads\/2021\/08\/Jose-Daniel-Martin-DockxMalagueno-LXXXIII-de-Francisco-Santiago-Ruiz-300x300.jpg 300w, https:\/\/pasionporelcaballo.es\/wp-content\/uploads\/2021\/08\/Jose-Daniel-Martin-DockxMalagueno-LXXXIII-de-Francisco-Santiago-Ruiz-768x768.jpg 768w, https:\/\/pasionporelcaballo.es\/wp-content\/uploads\/2021\/08\/Jose-Daniel-Martin-DockxMalagueno-LXXXIII-de-Francisco-Santiago-Ruiz-36x36.jpg 36w, https:\/\/pasionporelcaballo.es\/wp-content\/uploads\/2021\/08\/Jose-Daniel-Martin-DockxMalagueno-LXXXIII-de-Francisco-Santiago-Ruiz-180x180.jpg 180w, https:\/\/pasionporelcaballo.es\/wp-content\/uploads\/2021\/08\/Jose-Daniel-Martin-DockxMalagueno-LXXXIII-de-Francisco-Santiago-Ruiz-705x705.jpg 705w, https:\/\/pasionporelcaballo.es\/wp-content\/uploads\/2021\/08\/Jose-Daniel-Martin-DockxMalagueno-LXXXIII-de-Francisco-Santiago-Ruiz.jpg 912w\" sizes=\"(max-width: 80px) 100vw, 80px\" \/><\/a><\/div><div class='av-magazine-content-wrap'><header class='entry-content-header'><time class='av-magazine-time updated'  itemprop=\"datePublished\" datetime=\"2021-08-17T10:55:05+02:00\" >17\/08\/2021<\/time><span class=\"av-magazine-author-wrap\"><span class=\"av-magazine-text-sep text-sep-date\">\/<\/span><span class=\"av-magazine-author minor-meta\">by <span class=\"av-magazine-author-link\"  itemprop=\"author\" ><span class='av-magazine-author meta-color author'><span class='fn'><a href=\"https:\/\/pasionporelcaballo.es\/en\/author\/talos\/\" title=\"by Pasi\u00f3n por el Caballo\" rel=\"author\">Pasi\u00f3n por el Caballo<\/a><\/span><\/span><\/span><\/span><\/span><h3 class='av-magazine-title entry-title '  itemprop=\"headline\" ><a href='https:\/\/pasionporelcaballo.es\/en\/daniel-martin-is-selected-with-malagueno\/' title='Link to: Daniel Mart\u00edn is selected with Malague\u00f1o'>Daniel Mart\u00edn is selected with Malague\u00f1o<\/a><\/h3><\/header><\/div><footer class='entry-footer'><\/footer><\/article><article class='av-magazine-entry av-magazine-entry-id-5555 av-magazine-format-standard av-magazine-type-post av-magazine-entry-3 av-magazine-entry-small '  itemscope=\"itemscope\" itemtype=\"https:\/\/schema.org\/BlogPosting\" itemprop=\"blogPost\" ><div class='av-magazine-thumbnail'><a href='https:\/\/pasionporelcaballo.es\/en\/cristina-duran-wins-the-gps-with-jareno-de-povedano-cdn-los-albardones\/' title='Link to: Cristina Dur\u00e1n wins the GPS with Jare\u00f1o de Povedano &#8211; CDN *** Los Albardones' class='av-magazine-thumbnail-link '><img loading=\"lazy\" decoding=\"async\" width=\"80\" height=\"80\" src=\"https:\/\/pasionporelcaballo.es\/wp-content\/uploads\/2021\/08\/Cristina-Duran-80x80.jpg\" class=\"wp-image-5544 avia-img-lazy-loading-5544 attachment-thumbnail size-thumbnail wp-post-image\" alt=\"Cristina Dur\u00e1n gana el GPS con Jare\u00f1o de Povedano\" srcset=\"https:\/\/pasionporelcaballo.es\/wp-content\/uploads\/2021\/08\/Cristina-Duran-80x80.jpg 80w, https:\/\/pasionporelcaballo.es\/wp-content\/uploads\/2021\/08\/Cristina-Duran-300x300.jpg 300w, https:\/\/pasionporelcaballo.es\/wp-content\/uploads\/2021\/08\/Cristina-Duran-36x36.jpg 36w, https:\/\/pasionporelcaballo.es\/wp-content\/uploads\/2021\/08\/Cristina-Duran-180x180.jpg 180w, https:\/\/pasionporelcaballo.es\/wp-content\/uploads\/2021\/08\/Cristina-Duran-705x705.jpg 705w, https:\/\/pasionporelcaballo.es\/wp-content\/uploads\/2021\/08\/Cristina-Duran.jpg 720w\" sizes=\"(max-width: 80px) 100vw, 80px\" \/><\/a><\/div><div class='av-magazine-content-wrap'><header class='entry-content-header'><time class='av-magazine-time updated'  itemprop=\"datePublished\" datetime=\"2021-07-29T09:37:45+02:00\" >29\/07\/2021<\/time><span class=\"av-magazine-author-wrap\"><span class=\"av-magazine-text-sep text-sep-date\">\/<\/span><span class=\"av-magazine-author minor-meta\">by <span class=\"av-magazine-author-link\"  itemprop=\"author\" ><span class='av-magazine-author meta-color author'><span class='fn'><a href=\"https:\/\/pasionporelcaballo.es\/en\/author\/talos\/\" title=\"by Pasi\u00f3n por el Caballo\" rel=\"author\">Pasi\u00f3n por el Caballo<\/a><\/span><\/span><\/span><\/span><\/span><h3 class='av-magazine-title entry-title '  itemprop=\"headline\" ><a href='https:\/\/pasionporelcaballo.es\/en\/cristina-duran-wins-the-gps-with-jareno-de-povedano-cdn-los-albardones\/' title='Link to: Cristina Dur\u00e1n wins the GPS with Jare\u00f1o de Povedano &#8211; CDN *** Los Albardones'>Cristina Dur\u00e1n wins the GPS with Jare\u00f1o de Povedano &#8211; CDN *** Los Albardones<\/a><\/h3><\/header><\/div><footer class='entry-footer'><\/footer><\/article><article class='av-magazine-entry av-magazine-entry-id-5533 av-magazine-format-standard av-magazine-type-post av-magazine-entry-4 av-magazine-entry-small '  itemscope=\"itemscope\" itemtype=\"https:\/\/schema.org\/BlogPosting\" itemprop=\"blogPost\" ><div class='av-magazine-thumbnail'><a href='https:\/\/pasionporelcaballo.es\/en\/dani-martin-selects-the-six-coupling-that-will-represent-spain-world-championship-for-young-horses\/' title='Link to: Dani Mart\u00edn selects the six coupling that will represent Spain &#8211; World Championship for young horses' class='av-magazine-thumbnail-link '><img loading=\"lazy\" decoding=\"async\" width=\"80\" height=\"80\" src=\"https:\/\/pasionporelcaballo.es\/wp-content\/uploads\/2021\/07\/Jose-Daniel-Martin-Dockx-80x80.jpg\" class=\"wp-image-5393 avia-img-lazy-loading-5393 attachment-thumbnail size-thumbnail wp-post-image\" alt=\"\" srcset=\"https:\/\/pasionporelcaballo.es\/wp-content\/uploads\/2021\/07\/Jose-Daniel-Martin-Dockx-80x80.jpg 80w, https:\/\/pasionporelcaballo.es\/wp-content\/uploads\/2021\/07\/Jose-Daniel-Martin-Dockx-36x36.jpg 36w, https:\/\/pasionporelcaballo.es\/wp-content\/uploads\/2021\/07\/Jose-Daniel-Martin-Dockx-180x180.jpg 180w\" sizes=\"(max-width: 80px) 100vw, 80px\" \/><\/a><\/div><div class='av-magazine-content-wrap'><header class='entry-content-header'><time class='av-magazine-time updated'  itemprop=\"datePublished\" datetime=\"2021-07-27T11:51:17+02:00\" >27\/07\/2021<\/time><span class=\"av-magazine-author-wrap\"><span class=\"av-magazine-text-sep text-sep-date\">\/<\/span><span class=\"av-magazine-author minor-meta\">by <span class=\"av-magazine-author-link\"  itemprop=\"author\" ><span class='av-magazine-author meta-color author'><span class='fn'><a href=\"https:\/\/pasionporelcaballo.es\/en\/author\/talos\/\" title=\"by Pasi\u00f3n por el Caballo\" rel=\"author\">Pasi\u00f3n por el Caballo<\/a><\/span><\/span><\/span><\/span><\/span><h3 class='av-magazine-title entry-title '  itemprop=\"headline\" ><a href='https:\/\/pasionporelcaballo.es\/en\/dani-martin-selects-the-six-coupling-that-will-represent-spain-world-championship-for-young-horses\/' title='Link to: Dani Mart\u00edn selects the six coupling that will represent Spain &#8211; World Championship for young horses'>Dani Mart\u00edn selects the six coupling that will represent Spain &#8211; World Championship for young horses<\/a><\/h3><\/header><\/div><footer class='entry-footer'><\/footer><\/article><article class='av-magazine-entry av-magazine-entry-id-5530 av-magazine-format-standard av-magazine-type-post av-magazine-entry-5 av-magazine-entry-small '  itemscope=\"itemscope\" itemtype=\"https:\/\/schema.org\/BlogPosting\" itemprop=\"blogPost\" ><div class='av-magazine-thumbnail'><a href='https:\/\/pasionporelcaballo.es\/en\/alejandro-sanchez-del-barco-achieves-his-classification-with-trapalo-de-indalo-world-championship-for-young-horses\/' title='Link to: Alejandro S\u00e1nchez del Barco achieves his classification with Tr\u00e1palo de Indalo &#8211; World Championship for young horses' class='av-magazine-thumbnail-link '><img loading=\"lazy\" decoding=\"async\" width=\"80\" height=\"80\" src=\"https:\/\/pasionporelcaballo.es\/wp-content\/uploads\/2021\/07\/Alejandro-Sanchez-del-Barco-montando-a-Trapalo-de-Indalo-80x80.jpg\" class=\"wp-image-5468 avia-img-lazy-loading-5468 attachment-thumbnail size-thumbnail wp-post-image\" alt=\"Alejandro S\u00e1nchez del Barco montando a Tr\u00e1palo de Indalo\" srcset=\"https:\/\/pasionporelcaballo.es\/wp-content\/uploads\/2021\/07\/Alejandro-Sanchez-del-Barco-montando-a-Trapalo-de-Indalo-80x80.jpg 80w, https:\/\/pasionporelcaballo.es\/wp-content\/uploads\/2021\/07\/Alejandro-Sanchez-del-Barco-montando-a-Trapalo-de-Indalo-300x300.jpg 300w, https:\/\/pasionporelcaballo.es\/wp-content\/uploads\/2021\/07\/Alejandro-Sanchez-del-Barco-montando-a-Trapalo-de-Indalo-768x767.jpg 768w, https:\/\/pasionporelcaballo.es\/wp-content\/uploads\/2021\/07\/Alejandro-Sanchez-del-Barco-montando-a-Trapalo-de-Indalo-36x36.jpg 36w, https:\/\/pasionporelcaballo.es\/wp-content\/uploads\/2021\/07\/Alejandro-Sanchez-del-Barco-montando-a-Trapalo-de-Indalo-180x180.jpg 180w, https:\/\/pasionporelcaballo.es\/wp-content\/uploads\/2021\/07\/Alejandro-Sanchez-del-Barco-montando-a-Trapalo-de-Indalo-705x705.jpg 705w, https:\/\/pasionporelcaballo.es\/wp-content\/uploads\/2021\/07\/Alejandro-Sanchez-del-Barco-montando-a-Trapalo-de-Indalo.jpg 874w\" sizes=\"(max-width: 80px) 100vw, 80px\" \/><\/a><\/div><div class='av-magazine-content-wrap'><header class='entry-content-header'><time class='av-magazine-time updated'  itemprop=\"datePublished\" datetime=\"2021-07-27T11:41:53+02:00\" >27\/07\/2021<\/time><span class=\"av-magazine-author-wrap\"><span class=\"av-magazine-text-sep text-sep-date\">\/<\/span><span class=\"av-magazine-author minor-meta\">by <span class=\"av-magazine-author-link\"  itemprop=\"author\" ><span class='av-magazine-author meta-color author'><span class='fn'><a href=\"https:\/\/pasionporelcaballo.es\/en\/author\/talos\/\" title=\"by Pasi\u00f3n por el Caballo\" rel=\"author\">Pasi\u00f3n por el Caballo<\/a><\/span><\/span><\/span><\/span><\/span><h3 class='av-magazine-title entry-title '  itemprop=\"headline\" ><a href='https:\/\/pasionporelcaballo.es\/en\/alejandro-sanchez-del-barco-achieves-his-classification-with-trapalo-de-indalo-world-championship-for-young-horses\/' title='Link to: Alejandro S\u00e1nchez del Barco achieves his classification with Tr\u00e1palo de Indalo &#8211; World Championship for young horses'>Alejandro S\u00e1nchez del Barco achieves his classification with Tr\u00e1palo de Indalo &#8211; World Championship for young horses<\/a><\/h3><\/header><\/div><footer class='entry-footer'><\/footer><\/article><article class='av-magazine-entry av-magazine-entry-id-5520 av-magazine-format-standard av-magazine-type-post av-magazine-entry-6 av-magazine-entry-small '  itemscope=\"itemscope\" itemtype=\"https:\/\/schema.org\/BlogPosting\" itemprop=\"blogPost\" ><div class='av-magazine-thumbnail'><a href='https:\/\/pasionporelcaballo.es\/en\/marcos-legarre-will-take-up-training\/' title='Link to: Marcos Legarre will take up training' class='av-magazine-thumbnail-link '><img loading=\"lazy\" decoding=\"async\" width=\"80\" height=\"80\" src=\"https:\/\/pasionporelcaballo.es\/wp-content\/uploads\/2021\/07\/Marcos-Legarre-80x80.jpg\" class=\"wp-image-5407 avia-img-lazy-loading-5407 attachment-thumbnail size-thumbnail wp-post-image\" alt=\"Marcos Legarre retomar\u00e1 el entrenamiento\" srcset=\"https:\/\/pasionporelcaballo.es\/wp-content\/uploads\/2021\/07\/Marcos-Legarre-80x80.jpg 80w, https:\/\/pasionporelcaballo.es\/wp-content\/uploads\/2021\/07\/Marcos-Legarre-36x36.jpg 36w, https:\/\/pasionporelcaballo.es\/wp-content\/uploads\/2021\/07\/Marcos-Legarre-180x180.jpg 180w\" sizes=\"(max-width: 80px) 100vw, 80px\" \/><\/a><\/div><div class='av-magazine-content-wrap'><header class='entry-content-header'><time class='av-magazine-time updated'  itemprop=\"datePublished\" datetime=\"2021-07-27T11:07:39+02:00\" >27\/07\/2021<\/time><span class=\"av-magazine-author-wrap\"><span class=\"av-magazine-text-sep text-sep-date\">\/<\/span><span class=\"av-magazine-author minor-meta\">by <span class=\"av-magazine-author-link\"  itemprop=\"author\" ><span class='av-magazine-author meta-color author'><span class='fn'><a href=\"https:\/\/pasionporelcaballo.es\/en\/author\/talos\/\" title=\"by Pasi\u00f3n por el Caballo\" rel=\"author\">Pasi\u00f3n por el Caballo<\/a><\/span><\/span><\/span><\/span><\/span><h3 class='av-magazine-title entry-title '  itemprop=\"headline\" ><a href='https:\/\/pasionporelcaballo.es\/en\/marcos-legarre-will-take-up-training\/' title='Link to: Marcos Legarre will take up training'>Marcos Legarre will take up training<\/a><\/h3><\/header><\/div><footer class='entry-footer'><\/footer><\/article><article class='av-magazine-entry av-magazine-entry-id-5511 av-magazine-format-standard av-magazine-type-post av-magazine-entry-7 av-magazine-entry-small '  itemscope=\"itemscope\" itemtype=\"https:\/\/schema.org\/BlogPosting\" itemprop=\"blogPost\" ><div class='av-magazine-thumbnail'><a href='https:\/\/pasionporelcaballo.es\/en\/diavolo-retires-among-tears-and-a-great-ovation-absolute-spanish-championship\/' title='Link to: Di\u00e1volo retires among tears and a great ovation &#8211; Absolute Spanish Championship' class='av-magazine-thumbnail-link '><img loading=\"lazy\" decoding=\"async\" width=\"80\" height=\"80\" src=\"https:\/\/pasionporelcaballo.es\/wp-content\/uploads\/2021\/07\/Cristobal-BelmonteDiavolo-II-de-Laubry-en-el-Campeonato-de-Espana-de-Doma-Clasica-2021-Retirada-80x80.jpg\" class=\"wp-image-5403 avia-img-lazy-loading-5403 attachment-thumbnail size-thumbnail wp-post-image\" alt=\"Di\u00e1volo se retira entre l\u00e1grimas y una gran ovaci\u00f3n - Campeonato de Espa\u00f1a Absoluto\" srcset=\"https:\/\/pasionporelcaballo.es\/wp-content\/uploads\/2021\/07\/Cristobal-BelmonteDiavolo-II-de-Laubry-en-el-Campeonato-de-Espana-de-Doma-Clasica-2021-Retirada-80x80.jpg 80w, https:\/\/pasionporelcaballo.es\/wp-content\/uploads\/2021\/07\/Cristobal-BelmonteDiavolo-II-de-Laubry-en-el-Campeonato-de-Espana-de-Doma-Clasica-2021-Retirada-36x36.jpg 36w, https:\/\/pasionporelcaballo.es\/wp-content\/uploads\/2021\/07\/Cristobal-BelmonteDiavolo-II-de-Laubry-en-el-Campeonato-de-Espana-de-Doma-Clasica-2021-Retirada-180x180.jpg 180w\" sizes=\"(max-width: 80px) 100vw, 80px\" \/><\/a><\/div><div class='av-magazine-content-wrap'><header class='entry-content-header'><time class='av-magazine-time updated'  itemprop=\"datePublished\" datetime=\"2021-07-26T11:56:46+02:00\" >26\/07\/2021<\/time><span class=\"av-magazine-author-wrap\"><span class=\"av-magazine-text-sep text-sep-date\">\/<\/span><span class=\"av-magazine-author minor-meta\">by <span class=\"av-magazine-author-link\"  itemprop=\"author\" ><span class='av-magazine-author meta-color author'><span class='fn'><a href=\"https:\/\/pasionporelcaballo.es\/en\/author\/talos\/\" title=\"by Pasi\u00f3n por el Caballo\" rel=\"author\">Pasi\u00f3n por el Caballo<\/a><\/span><\/span><\/span><\/span><\/span><h3 class='av-magazine-title entry-title '  itemprop=\"headline\" ><a href='https:\/\/pasionporelcaballo.es\/en\/diavolo-retires-among-tears-and-a-great-ovation-absolute-spanish-championship\/' title='Link to: Di\u00e1volo retires among tears and a great ovation &#8211; Absolute Spanish Championship'>Di\u00e1volo retires among tears and a great ovation &#8211; Absolute Spanish Championship<\/a><\/h3><\/header><\/div><footer class='entry-footer'><\/footer><\/article><\/div><\/div><\/div><\/div><\/p>\n<div class=\"flex_column av_one_full  flex_column_div av-zero-column-padding first  avia-builder-el-8  el_after_av_one_full  avia-builder-el-last  column-top-margin\" style='border-radius:0px; '><div  class='av-buildercomment  av-blog-meta-date-disabled av-blog-meta-tag-disabled  '><\/div><\/div>\n","protected":false},"excerpt":{"rendered":"","protected":false},"author":1,"featured_media":5411,"comment_status":"open","ping_status":"open","sticky":false,"template":"","format":"standard","meta":{"footnotes":""},"categories":[79],"tags":[],"yst_prominent_words":[],"_links":{"self":[{"href":"https:\/\/pasionporelcaballo.es\/en\/wp-json\/wp\/v2\/posts\/5527"}],"collection":[{"href":"https:\/\/pasionporelcaballo.es\/en\/wp-json\/wp\/v2\/posts"}],"about":[{"href":"https:\/\/pasionporelcaballo.es\/en\/wp-json\/wp\/v2\/types\/post"}],"author":[{"embeddable":true,"href":"https:\/\/pasionporelcaballo.es\/en\/wp-json\/wp\/v2\/users\/1"}],"replies":[{"embeddable":true,"href":"https:\/\/pasionporelcaballo.es\/en\/wp-json\/wp\/v2\/comments?post=5527"}],"version-history":[{"count":1,"href":"https:\/\/pasionporelcaballo.es\/en\/wp-json\/wp\/v2\/posts\/5527\/revisions"}],"predecessor-version":[{"id":5529,"href":"https:\/\/pasionporelcaballo.es\/en\/wp-json\/wp\/v2\/posts\/5527\/revisions\/5529"}],"wp:featuredmedia":[{"embeddable":true,"href":"https:\/\/pasionporelcaballo.es\/en\/wp-json\/wp\/v2\/media\/5411"}],"wp:attachment":[{"href":"https:\/\/pasionporelcaballo.es\/en\/wp-json\/wp\/v2\/media?parent=5527"}],"wp:term":[{"taxonomy":"category","embeddable":true,"href":"https:\/\/pasionporelcaballo.es\/en\/wp-json\/wp\/v2\/categories?post=5527"},{"taxonomy":"post_tag","embeddable":true,"href":"https:\/\/pasionporelcaballo.es\/en\/wp-json\/wp\/v2\/tags?post=5527"},{"taxonomy":"yst_prominent_words","embeddable":true,"href":"https:\/\/pasionporelcaballo.es\/en\/wp-json\/wp\/v2\/yst_prominent_words?post=5527"}],"curies":[{"name":"wp","href":"https:\/\/api.w.org\/{rel}","templated":true}]}}