{"id":1106,"date":"2012-10-01T08:30:45","date_gmt":"2012-10-01T08:30:45","guid":{"rendered":"https:\/\/bpmilko.es\/?p=1106"},"modified":"2021-04-09T12:00:26","modified_gmt":"2021-04-09T12:00:26","slug":"the-calima-pena-caballista-award-2011","status":"publish","type":"post","link":"https:\/\/pasionporelcaballo.es\/en\/the-calima-pena-caballista-award-2011\/","title":{"rendered":"The Calima &#8211; Pe\u00f1a Caballista Award 2011"},"content":{"rendered":"<div  style='padding-bottom:10px; ' class='av-special-heading av-special-heading-h1  blockquote modern-quote  avia-builder-el-0  el_before_av_one_half  avia-builder-el-first  '><h1 class='av-special-heading-tag '  itemprop=\"headline\"  >The Calima &#8211; Pe\u00f1a Caballista Award 2011<\/h1><div class='special-heading-border'><div class='special-heading-inner-border' ><\/div><\/div><\/div>\n<div class=\"flex_column av_one_half  no_margin flex_column_div first  avia-builder-el-1  el_after_av_heading  el_before_av_one_half  \" style='margin-top:0px; margin-bottom:0px; padding:0px 15px 0px 0px ; border-radius:0px; '><section class=\"av_textblock_section \"  itemscope=\"itemscope\" itemtype=\"https:\/\/schema.org\/BlogPosting\" itemprop=\"blogPost\" ><div class='avia_textblock  '   itemprop=\"text\" ><p>His name is L\u00e1zaro Fern\u00e1ndez O\u00f1ate but everyone knows him as &#8220;El Calima&#8221;, a nickname he inherited from his father and which originates is the meteorological phenomenon consisting of the presence in the atsmosphere of very the atmosphere of very small particles of water vapour from the sea or, in other words, the sea breeze.<br \/>\nL\u00e1zaro Fern\u00e1ndez was born in 1946 and was the youngest of five siblings Pepe, Paca, Felipe (missing), Antonia and himself. He soon left school and went to work in the Garaje Andaluc\u00eda, owned by the Fern\u00e1ndez S\u00e1enz de Tejada family, to work at the age of 12. There he learnt the mechanics trade until he decided to set up on his own, renting the San <img loading=\"lazy\" decoding=\"async\" class=\"wp-image-1430 alignright\" src=\"https:\/\/bpmilko.es\/wp-content\/uploads\/2021\/03\/el-calima.png\" alt=\"El Calima\" width=\"265\" height=\"398\" srcset=\"https:\/\/pasionporelcaballo.es\/wp-content\/uploads\/2021\/03\/el-calima.png 467w, https:\/\/pasionporelcaballo.es\/wp-content\/uploads\/2021\/03\/el-calima-200x300.png 200w, https:\/\/pasionporelcaballo.es\/wp-content\/uploads\/2021\/03\/el-calima-160x240.png 160w, https:\/\/pasionporelcaballo.es\/wp-content\/uploads\/2021\/03\/el-calima-80x120.png 80w\" sizes=\"(max-width: 265px) 100vw, 265px\" \/>Crist\u00f3bal Garage. After selling the garage, the hotelier Mateo P\u00e9rez gave him the basement of the Hotel He remained there for 8 years until he managed to buy a plot of land in La Ca\u00f1adas and build his own mechanics workshop &#8220;Talleres L\u00e1zaro&#8221;, where he has remained day after day until he reached the age of 60, during which time he has been working as a mechanic. 60 years, when he was forced to retire to retire, suffering from the loss of sight in both his eyes, mainly due to the welding of so many years of welding after so many years in the trade.<br \/>\nAt the age of 18, Antonio Garc\u00eda at the &#8220;Molino de Viento&#8221; stable said to him: &#8220;Calima, come and get on this horse&#8221; and from then until now, when he is 66 years old, he has not stopped 66 years old, he has not stopped riding a single day. not a single day. And so he went on riding the horses that his friends horses that his friends Luis Villalobos, Mat\u00edas Fern\u00e1ndez, Crist\u00f3bal Coronado or Jos\u00e9 Quesada were lending him until he acquired a colt, son of Fara\u00f3n (from the prestigious stud farm of Terry) and out of a mare owned by the lawyer Luis Cotrina.<\/p>\n<\/div><\/section><\/div>\n<div class=\"flex_column av_one_half  no_margin flex_column_div   avia-builder-el-3  el_after_av_one_half  el_before_av_one_full  \" style='margin-top:0px; margin-bottom:0px; padding:-50%; border-radius:0px; '><section class=\"av_textblock_section \"  itemscope=\"itemscope\" itemtype=\"https:\/\/schema.org\/BlogPosting\" itemprop=\"blogPost\" ><div class='avia_textblock  '   itemprop=\"text\" ><p>His name was &#8220;Esc\u00e1ndalo&#8221; but his children christened him &#8220;El Berruga&#8221; as he had one on his upper lip. one on his upper lip. &#8220;El Berruga&#8221;, who was never ironed, became a very famous stallion who has carried out more than 500 matings, according to the 500 matings, according to his owner, to friends &#8220;for which I have never charged anything&#8221;. for which I have never been paid anything&#8221;. This beautiful Pura Raza Espa\u00f1ola has been on the cover of magazines and photographed countless times. He lived for 27 years, during which he gave an endless amount of satisfaction to those who rode him. satisfactions to those who rode him and he died of old age leaving his owner a his owner an emptiness in his soul.<br \/>\n&#8220;El Calima&#8221;, who has always liked to do the odd deal, married M\u00aa Carmen 40 years ago. The couple, who had three children Paloma, Jorge and Roc\u00edo, have remained together, unbreakable, in spite of the comings and goings of a man who was almost always of a man who was almost always on the street earning a living. Now he enjoys, except for the occasional business more of his wife, his children and his four grandchildren, his children and his four grandchildren Alba, Luc\u00eda, Ana and Manuel. Throughout all these years years &#8220;El Calima&#8221; has lived through a thousand stories but he remembers one, on the Camino del Roc\u00edo, when in the middle of the Guadalquivir River the horse came loose from his hand and he jumped into the river swimming with the saddle and his and head on until he reached the other bank at the other shore at Sanlucar de Barrameda, where he had to pick him up again to cross again on the barge. again on the barge.<br \/>\nAt last year&#8217;s fair he went, deceived by his family who had told him that they were going to give a prize to his compadre Manuel Gonz\u00e1lez Alarc\u00f3n, surrounded by his wife, children and grandchildren. that they were going to give an award to his compadre Manuel Gonz\u00e1lez Alarc\u00f3n, surrounded by his wife, children and grandchildren to watch the Equestrian Parade as usual when, suddenly, his name was called out, claiming him his name, calling out his name to present him with the Pe\u00f1a Caballista 2011 Award, which he received which he received &#8220;nervously&#8221; and full of gratitude amidst a round of applause from all the fans gathered there. A friend of his friends, &#8220;El Calima&#8221; has always gone out of his way for those who have needed him and has moved Rome with Santiago to give shelter to those riders who came from outside Seville, Granada, who came from outside Seville, Granada, Ja\u00e9n and did not have a stable to leave their horses in. to leave their horses. &#8220;El Calima&#8221; is, and everyone knows it, a special being, full of charisma and contagious joy. Without his presence, the Feria de Fuengirola would not be the same.<\/p>\n<\/div><\/section><\/div>\n<div class=\"flex_column av_one_full  flex_column_div av-zero-column-padding first  avia-builder-el-5  el_after_av_one_half  el_before_av_one_full  column-top-margin\" style='border-radius:0px; '><div  id=\"1\"  class='av-magazine   avia-builder-el-6  avia-builder-el-no-sibling   av-magazine-hero-left av-magazine-top-bar-active av-magazine-tabs-active' ><div class='av-magazine-top-bar ' ><a href='https:\/\/pasionporelcaballo.es\/en\/contact\/' class='av-magazine-top-heading '>Related Articles<\/a><\/div><\/div><\/div><div class=\"flex_column av_one_full  flex_column_div av-zero-column-padding first  avia-builder-el-7  el_after_av_one_full  avia-builder-el-last  column-top-margin\" style='border-radius:0px; '><div  class='av-buildercomment  av-blog-meta-date-disabled av-blog-meta-tag-disabled  '><\/div><\/div><\/p>\n","protected":false},"excerpt":{"rendered":"","protected":false},"author":1,"featured_media":4408,"comment_status":"open","ping_status":"open","sticky":false,"template":"","format":"standard","meta":{"footnotes":""},"categories":[74],"tags":[],"yst_prominent_words":[],"_links":{"self":[{"href":"https:\/\/pasionporelcaballo.es\/en\/wp-json\/wp\/v2\/posts\/1106"}],"collection":[{"href":"https:\/\/pasionporelcaballo.es\/en\/wp-json\/wp\/v2\/posts"}],"about":[{"href":"https:\/\/pasionporelcaballo.es\/en\/wp-json\/wp\/v2\/types\/post"}],"author":[{"embeddable":true,"href":"https:\/\/pasionporelcaballo.es\/en\/wp-json\/wp\/v2\/users\/1"}],"replies":[{"embeddable":true,"href":"https:\/\/pasionporelcaballo.es\/en\/wp-json\/wp\/v2\/comments?post=1106"}],"version-history":[{"count":6,"href":"https:\/\/pasionporelcaballo.es\/en\/wp-json\/wp\/v2\/posts\/1106\/revisions"}],"predecessor-version":[{"id":4409,"href":"https:\/\/pasionporelcaballo.es\/en\/wp-json\/wp\/v2\/posts\/1106\/revisions\/4409"}],"wp:featuredmedia":[{"embeddable":true,"href":"https:\/\/pasionporelcaballo.es\/en\/wp-json\/wp\/v2\/media\/4408"}],"wp:attachment":[{"href":"https:\/\/pasionporelcaballo.es\/en\/wp-json\/wp\/v2\/media?parent=1106"}],"wp:term":[{"taxonomy":"category","embeddable":true,"href":"https:\/\/pasionporelcaballo.es\/en\/wp-json\/wp\/v2\/categories?post=1106"},{"taxonomy":"post_tag","embeddable":true,"href":"https:\/\/pasionporelcaballo.es\/en\/wp-json\/wp\/v2\/tags?post=1106"},{"taxonomy":"yst_prominent_words","embeddable":true,"href":"https:\/\/pasionporelcaballo.es\/en\/wp-json\/wp\/v2\/yst_prominent_words?post=1106"}],"curies":[{"name":"wp","href":"https:\/\/api.w.org\/{rel}","templated":true}]}}